{"id":11197,"date":"2023-09-29T12:33:06","date_gmt":"2023-09-29T10:33:06","guid":{"rendered":"https:\/\/www.gampt.de\/?p=11197"},"modified":"2023-09-29T14:14:03","modified_gmt":"2023-09-29T12:14:03","slug":"internship-leaders-conference-in-oldenburg","status":"publish","type":"post","link":"https:\/\/www.gampt.de\/en\/2023\/09\/29\/internship-leaders-conference-in-oldenburg\/","title":{"rendered":"Praktikumsleitertagung in Oldenburg"},"content":{"rendered":"<p>[et_pb_section fb_built=&#8221;1&#8243; _builder_version=&#8221;4.22.1&#8243; _module_preset=&#8221;default&#8221; global_colors_info=&#8221;{}&#8221;][et_pb_row _builder_version=&#8221;4.22.1&#8243; _module_preset=&#8221;default&#8221; global_colors_info=&#8221;{}&#8221;][et_pb_column type=&#8221;4_4&#8243; _builder_version=&#8221;4.22.1&#8243; _module_preset=&#8221;default&#8221; global_colors_info=&#8221;{}&#8221;][et_pb_text _builder_version=&#8221;4.22.1&#8243; _module_preset=&#8221;default&#8221; hover_enabled=&#8221;0&#8243; global_colors_info=&#8221;{}&#8221; sticky_enabled=&#8221;0&#8243;]<\/p>\n<p>We presented our GAMPT ultrasonic experiments at the <a href=\"https:\/\/www.dpg-physik.de\/vereinigungen\/fachuebergreifend\/ag\/agpp\/veranstaltungen\/praktikumsleitertagungen\" target=\"_blank\" rel=\"noopener\">Praktikumsleitertagung<\/a> in Oldenburg in the end of September. This year the annual PLT took place at the <a href=\"https:\/\/uol.de\/physik\/plt2023\" target=\"_blank\" rel=\"noopener\">Carl von Ossietzky University Oldenburg<\/a>.<br \/>Not only exchange of experiences between the leaders and organizers of the physics lab courses but also the possibility to demonstrate and present teaching materials, products and experiments was the goal of this conference.<br \/>Interesting discussions with the participants and hands-on exercise on our intuitive ultrasound equipment made the event to be a successful one.<\/p>\n<p>[\/et_pb_text][et_pb_gallery gallery_ids=&#8221;11185,11178,11176&#8243; _builder_version=&#8221;4.22.1&#8243; _module_preset=&#8221;default&#8221; global_colors_info=&#8221;{}&#8221;][\/et_pb_gallery][\/et_pb_column][\/et_pb_row][\/et_pb_section]<\/p>\n","protected":false},"excerpt":{"rendered":"<p>We presented our GAMPT ultrasonic experiments at the Praktikumsleitertagung in Oldenburg in the end of September.<\/p>\n","protected":false},"author":44,"featured_media":11186,"comment_status":"open","ping_status":"open","sticky":false,"template":"","format":"standard","meta":{"_et_pb_use_builder":"on","_et_pb_old_content":"<p>[et_pb_section fb_built=\"1\" _builder_version=\"4.22.1\" _module_preset=\"default\" global_colors_info=\"{}\"][et_pb_row _builder_version=\"4.22.1\" _module_preset=\"default\" global_colors_info=\"{}\"][et_pb_column type=\"4_4\" _builder_version=\"4.22.1\" _module_preset=\"default\" global_colors_info=\"{}\"][et_pb_text _builder_version=\"4.22.1\" _module_preset=\"default\" global_colors_info=\"{}\"]<\/p><p>Die j\u00e4hrliche <a href=\"https:\/\/www.dpg-physik.de\/vereinigungen\/fachuebergreifend\/ag\/agpp\/veranstaltungen\/praktikumsleitertagungen\" target=\"_blank\" rel=\"noopener\">Praktikumsleitertagung<\/a> fand in diesem Jahr an der <a href=\"https:\/\/uol.de\/physik\/plt2023\" target=\"_blank\" rel=\"noopener\">Carl von Ossietzky Universit\u00e4t Oldenburg<\/a> statt. Neben dem Erfahrungsaustausch f\u00fcr alle mit der Organisation physikalischer Praktika Besch\u00e4ftigten, sind Hersteller von Lehrmitteln und Praktikumsexperimenten auf einer Firmenausstellung vertreten, um ihre Produkte vorzustellen. Wir waren mit unseren intuitiv zu bedienenden Ultraschallversuchen f\u00fcr die Hochschulausbildung vertreten und f\u00fchrten viele interessante Gespr\u00e4che mit den Teilnehmern.<\/p><p>[\/et_pb_text][et_pb_gallery gallery_ids=\"11185,11178,11176\" _builder_version=\"4.22.1\" _module_preset=\"default\" hover_enabled=\"0\" global_colors_info=\"{}\" sticky_enabled=\"0\"][\/et_pb_gallery][\/et_pb_column][\/et_pb_row][\/et_pb_section]<\/p>","_et_gb_content_width":"","inline_featured_image":false,"_jetpack_memberships_contains_paid_content":false,"footnotes":""},"categories":[1],"tags":[],"class_list":["post-11197","post","type-post","status-publish","format-standard","has-post-thumbnail","hentry","category-news-en"],"yoast_head":"<!-- This site is optimized with the Yoast SEO plugin v27.0 - https:\/\/yoast.com\/product\/yoast-seo-wordpress\/ -->\n<title>Praktikumsleitertagung in Oldenburg &#187; GAMPT mbH<\/title>\n<meta name=\"description\" content=\"Praktikumsleitertagung in Oldenburg &#187; GAMPT mbH\" \/>\n<meta name=\"robots\" content=\"index, follow, max-snippet:-1, max-image-preview:large, max-video-preview:-1\" \/>\n<link rel=\"canonical\" href=\"https:\/\/www.gampt.de\/en\/2023\/09\/29\/internship-leaders-conference-in-oldenburg\/\" \/>\n<meta property=\"og:locale\" content=\"en_US\" \/>\n<meta property=\"og:type\" content=\"article\" \/>\n<meta property=\"og:title\" content=\"Praktikumsleitertagung in Oldenburg &#187; GAMPT mbH\" \/>\n<meta property=\"og:description\" content=\"Praktikumsleitertagung in Oldenburg &#187; GAMPT mbH\" \/>\n<meta property=\"og:url\" content=\"https:\/\/www.gampt.de\/en\/2023\/09\/29\/internship-leaders-conference-in-oldenburg\/\" \/>\n<meta property=\"og:site_name\" content=\"GAMPT mbH\" \/>\n<meta property=\"article:published_time\" content=\"2023-09-29T10:33:06+00:00\" \/>\n<meta property=\"article:modified_time\" content=\"2023-09-29T12:14:03+00:00\" \/>\n<meta property=\"og:image\" content=\"https:\/\/www.gampt.de\/wp-content\/uploads\/2023\/09\/3c6dff38-0e9b-45da-a09b-accaf8cd97b3-1.jpg\" \/>\n\t<meta property=\"og:image:width\" content=\"996\" \/>\n\t<meta property=\"og:image:height\" content=\"747\" \/>\n\t<meta property=\"og:image:type\" content=\"image\/jpeg\" \/>\n<meta name=\"author\" content=\"gampt\" \/>\n<meta name=\"twitter:card\" content=\"summary_large_image\" \/>\n<meta name=\"twitter:label1\" content=\"Written by\" \/>\n\t<meta name=\"twitter:data1\" content=\"gampt\" \/>\n\t<meta name=\"twitter:label2\" content=\"Est. reading time\" \/>\n\t<meta name=\"twitter:data2\" content=\"1 minute\" \/>\n<script type=\"application\/ld+json\" class=\"yoast-schema-graph\">{\"@context\":\"https:\/\/schema.org\",\"@graph\":[{\"@type\":\"Article\",\"@id\":\"https:\/\/www.gampt.de\/en\/2023\/09\/29\/internship-leaders-conference-in-oldenburg\/#article\",\"isPartOf\":{\"@id\":\"https:\/\/www.gampt.de\/en\/2023\/09\/29\/internship-leaders-conference-in-oldenburg\/\"},\"author\":{\"name\":\"gampt\",\"@id\":\"https:\/\/www.gampt.de\/#\/schema\/person\/fe419cd64075389899ca9bf89edcbb5e\"},\"headline\":\"Praktikumsleitertagung in Oldenburg\",\"datePublished\":\"2023-09-29T10:33:06+00:00\",\"dateModified\":\"2023-09-29T12:14:03+00:00\",\"mainEntityOfPage\":{\"@id\":\"https:\/\/www.gampt.de\/en\/2023\/09\/29\/internship-leaders-conference-in-oldenburg\/\"},\"wordCount\":167,\"commentCount\":0,\"publisher\":{\"@id\":\"https:\/\/www.gampt.de\/#organization\"},\"image\":{\"@id\":\"https:\/\/www.gampt.de\/en\/2023\/09\/29\/internship-leaders-conference-in-oldenburg\/#primaryimage\"},\"thumbnailUrl\":\"https:\/\/www.gampt.de\/wp-content\/uploads\/2023\/09\/3c6dff38-0e9b-45da-a09b-accaf8cd97b3-1.jpg\",\"articleSection\":[\"News\"],\"inLanguage\":\"en-US\",\"potentialAction\":[{\"@type\":\"CommentAction\",\"name\":\"Comment\",\"target\":[\"https:\/\/www.gampt.de\/en\/2023\/09\/29\/internship-leaders-conference-in-oldenburg\/#respond\"]}]},{\"@type\":\"WebPage\",\"@id\":\"https:\/\/www.gampt.de\/en\/2023\/09\/29\/internship-leaders-conference-in-oldenburg\/\",\"url\":\"https:\/\/www.gampt.de\/en\/2023\/09\/29\/internship-leaders-conference-in-oldenburg\/\",\"name\":\"Praktikumsleitertagung in Oldenburg &#187; GAMPT mbH\",\"isPartOf\":{\"@id\":\"https:\/\/www.gampt.de\/#website\"},\"primaryImageOfPage\":{\"@id\":\"https:\/\/www.gampt.de\/en\/2023\/09\/29\/internship-leaders-conference-in-oldenburg\/#primaryimage\"},\"image\":{\"@id\":\"https:\/\/www.gampt.de\/en\/2023\/09\/29\/internship-leaders-conference-in-oldenburg\/#primaryimage\"},\"thumbnailUrl\":\"https:\/\/www.gampt.de\/wp-content\/uploads\/2023\/09\/3c6dff38-0e9b-45da-a09b-accaf8cd97b3-1.jpg\",\"datePublished\":\"2023-09-29T10:33:06+00:00\",\"dateModified\":\"2023-09-29T12:14:03+00:00\",\"description\":\"Praktikumsleitertagung in Oldenburg &#187; GAMPT mbH\",\"breadcrumb\":{\"@id\":\"https:\/\/www.gampt.de\/en\/2023\/09\/29\/internship-leaders-conference-in-oldenburg\/#breadcrumb\"},\"inLanguage\":\"en-US\",\"potentialAction\":[{\"@type\":\"ReadAction\",\"target\":[\"https:\/\/www.gampt.de\/en\/2023\/09\/29\/internship-leaders-conference-in-oldenburg\/\"]}]},{\"@type\":\"ImageObject\",\"inLanguage\":\"en-US\",\"@id\":\"https:\/\/www.gampt.de\/en\/2023\/09\/29\/internship-leaders-conference-in-oldenburg\/#primaryimage\",\"url\":\"https:\/\/www.gampt.de\/wp-content\/uploads\/2023\/09\/3c6dff38-0e9b-45da-a09b-accaf8cd97b3-1.jpg\",\"contentUrl\":\"https:\/\/www.gampt.de\/wp-content\/uploads\/2023\/09\/3c6dff38-0e9b-45da-a09b-accaf8cd97b3-1.jpg\",\"width\":996,\"height\":747,\"caption\":\"Praktikumsleitertagung 2023\"},{\"@type\":\"BreadcrumbList\",\"@id\":\"https:\/\/www.gampt.de\/en\/2023\/09\/29\/internship-leaders-conference-in-oldenburg\/#breadcrumb\",\"itemListElement\":[{\"@type\":\"ListItem\",\"position\":1,\"name\":\"Startseite\",\"item\":\"https:\/\/www.gampt.de\/en\/home\/\"},{\"@type\":\"ListItem\",\"position\":2,\"name\":\"Praktikumsleitertagung in Oldenburg\"}]},{\"@type\":\"WebSite\",\"@id\":\"https:\/\/www.gampt.de\/#website\",\"url\":\"https:\/\/www.gampt.de\/\",\"name\":\"INNOVATIVE ULTRASCHAL\u00adL\u00adMESSTECHNIK - GAMPT mbH\",\"description\":\"Innovative Ultraschall L\u00f6sungen - Innvoative Ultrasound Solutions\",\"publisher\":{\"@id\":\"https:\/\/www.gampt.de\/#organization\"},\"potentialAction\":[{\"@type\":\"SearchAction\",\"target\":{\"@type\":\"EntryPoint\",\"urlTemplate\":\"https:\/\/www.gampt.de\/?s={search_term_string}\"},\"query-input\":{\"@type\":\"PropertyValueSpecification\",\"valueRequired\":true,\"valueName\":\"search_term_string\"}}],\"inLanguage\":\"en-US\"},{\"@type\":\"Organization\",\"@id\":\"https:\/\/www.gampt.de\/#organization\",\"name\":\"GAMPT mbH\",\"url\":\"https:\/\/www.gampt.de\/\",\"logo\":{\"@type\":\"ImageObject\",\"inLanguage\":\"en-US\",\"@id\":\"https:\/\/www.gampt.de\/#\/schema\/logo\/image\/\",\"url\":\"https:\/\/www.gampt.de\/wp-content\/uploads\/2023\/05\/Logo_GAMPT_news2.jpg\",\"contentUrl\":\"https:\/\/www.gampt.de\/wp-content\/uploads\/2023\/05\/Logo_GAMPT_news2.jpg\",\"width\":600,\"height\":450,\"caption\":\"GAMPT mbH\"},\"image\":{\"@id\":\"https:\/\/www.gampt.de\/#\/schema\/logo\/image\/\"},\"sameAs\":[\"https:\/\/www.instagram.com\/gamptmbh\",\"https:\/\/www.linkedin.com\/company\/18440258\"]},{\"@type\":\"Person\",\"@id\":\"https:\/\/www.gampt.de\/#\/schema\/person\/fe419cd64075389899ca9bf89edcbb5e\",\"name\":\"gampt\",\"image\":{\"@type\":\"ImageObject\",\"inLanguage\":\"en-US\",\"@id\":\"https:\/\/www.gampt.de\/#\/schema\/person\/image\/\",\"url\":\"https:\/\/secure.gravatar.com\/avatar\/61f900cc058abae7e9382e3dd175ca1d9ea0592e3b47412e4b238014f3afa059?s=96&d=mm&r=g\",\"contentUrl\":\"https:\/\/secure.gravatar.com\/avatar\/61f900cc058abae7e9382e3dd175ca1d9ea0592e3b47412e4b238014f3afa059?s=96&d=mm&r=g\",\"caption\":\"gampt\"}}]}<\/script>\n<!-- \/ Yoast SEO plugin. -->","yoast_head_json":{"title":"Praktikumsleitertagung in Oldenburg &#187; GAMPT mbH","description":"Praktikumsleitertagung in Oldenburg &#187; GAMPT mbH","robots":{"index":"index","follow":"follow","max-snippet":"max-snippet:-1","max-image-preview":"max-image-preview:large","max-video-preview":"max-video-preview:-1"},"canonical":"https:\/\/www.gampt.de\/en\/2023\/09\/29\/internship-leaders-conference-in-oldenburg\/","og_locale":"en_US","og_type":"article","og_title":"Praktikumsleitertagung in Oldenburg &#187; GAMPT mbH","og_description":"Praktikumsleitertagung in Oldenburg &#187; GAMPT mbH","og_url":"https:\/\/www.gampt.de\/en\/2023\/09\/29\/internship-leaders-conference-in-oldenburg\/","og_site_name":"GAMPT mbH","article_published_time":"2023-09-29T10:33:06+00:00","article_modified_time":"2023-09-29T12:14:03+00:00","og_image":[{"width":996,"height":747,"url":"https:\/\/www.gampt.de\/wp-content\/uploads\/2023\/09\/3c6dff38-0e9b-45da-a09b-accaf8cd97b3-1.jpg","type":"image\/jpeg"}],"author":"gampt","twitter_card":"summary_large_image","twitter_misc":{"Written by":"gampt","Est. reading time":"1 minute"},"schema":{"@context":"https:\/\/schema.org","@graph":[{"@type":"Article","@id":"https:\/\/www.gampt.de\/en\/2023\/09\/29\/internship-leaders-conference-in-oldenburg\/#article","isPartOf":{"@id":"https:\/\/www.gampt.de\/en\/2023\/09\/29\/internship-leaders-conference-in-oldenburg\/"},"author":{"name":"gampt","@id":"https:\/\/www.gampt.de\/#\/schema\/person\/fe419cd64075389899ca9bf89edcbb5e"},"headline":"Praktikumsleitertagung in Oldenburg","datePublished":"2023-09-29T10:33:06+00:00","dateModified":"2023-09-29T12:14:03+00:00","mainEntityOfPage":{"@id":"https:\/\/www.gampt.de\/en\/2023\/09\/29\/internship-leaders-conference-in-oldenburg\/"},"wordCount":167,"commentCount":0,"publisher":{"@id":"https:\/\/www.gampt.de\/#organization"},"image":{"@id":"https:\/\/www.gampt.de\/en\/2023\/09\/29\/internship-leaders-conference-in-oldenburg\/#primaryimage"},"thumbnailUrl":"https:\/\/www.gampt.de\/wp-content\/uploads\/2023\/09\/3c6dff38-0e9b-45da-a09b-accaf8cd97b3-1.jpg","articleSection":["News"],"inLanguage":"en-US","potentialAction":[{"@type":"CommentAction","name":"Comment","target":["https:\/\/www.gampt.de\/en\/2023\/09\/29\/internship-leaders-conference-in-oldenburg\/#respond"]}]},{"@type":"WebPage","@id":"https:\/\/www.gampt.de\/en\/2023\/09\/29\/internship-leaders-conference-in-oldenburg\/","url":"https:\/\/www.gampt.de\/en\/2023\/09\/29\/internship-leaders-conference-in-oldenburg\/","name":"Praktikumsleitertagung in Oldenburg &#187; GAMPT mbH","isPartOf":{"@id":"https:\/\/www.gampt.de\/#website"},"primaryImageOfPage":{"@id":"https:\/\/www.gampt.de\/en\/2023\/09\/29\/internship-leaders-conference-in-oldenburg\/#primaryimage"},"image":{"@id":"https:\/\/www.gampt.de\/en\/2023\/09\/29\/internship-leaders-conference-in-oldenburg\/#primaryimage"},"thumbnailUrl":"https:\/\/www.gampt.de\/wp-content\/uploads\/2023\/09\/3c6dff38-0e9b-45da-a09b-accaf8cd97b3-1.jpg","datePublished":"2023-09-29T10:33:06+00:00","dateModified":"2023-09-29T12:14:03+00:00","description":"Praktikumsleitertagung in Oldenburg &#187; GAMPT mbH","breadcrumb":{"@id":"https:\/\/www.gampt.de\/en\/2023\/09\/29\/internship-leaders-conference-in-oldenburg\/#breadcrumb"},"inLanguage":"en-US","potentialAction":[{"@type":"ReadAction","target":["https:\/\/www.gampt.de\/en\/2023\/09\/29\/internship-leaders-conference-in-oldenburg\/"]}]},{"@type":"ImageObject","inLanguage":"en-US","@id":"https:\/\/www.gampt.de\/en\/2023\/09\/29\/internship-leaders-conference-in-oldenburg\/#primaryimage","url":"https:\/\/www.gampt.de\/wp-content\/uploads\/2023\/09\/3c6dff38-0e9b-45da-a09b-accaf8cd97b3-1.jpg","contentUrl":"https:\/\/www.gampt.de\/wp-content\/uploads\/2023\/09\/3c6dff38-0e9b-45da-a09b-accaf8cd97b3-1.jpg","width":996,"height":747,"caption":"Praktikumsleitertagung 2023"},{"@type":"BreadcrumbList","@id":"https:\/\/www.gampt.de\/en\/2023\/09\/29\/internship-leaders-conference-in-oldenburg\/#breadcrumb","itemListElement":[{"@type":"ListItem","position":1,"name":"Startseite","item":"https:\/\/www.gampt.de\/en\/home\/"},{"@type":"ListItem","position":2,"name":"Praktikumsleitertagung in Oldenburg"}]},{"@type":"WebSite","@id":"https:\/\/www.gampt.de\/#website","url":"https:\/\/www.gampt.de\/","name":"INNOVATIVE ULTRASCHAL\u00adL\u00adMESSTECHNIK - GAMPT mbH","description":"Innovative Ultraschall L\u00f6sungen - Innvoative Ultrasound Solutions","publisher":{"@id":"https:\/\/www.gampt.de\/#organization"},"potentialAction":[{"@type":"SearchAction","target":{"@type":"EntryPoint","urlTemplate":"https:\/\/www.gampt.de\/?s={search_term_string}"},"query-input":{"@type":"PropertyValueSpecification","valueRequired":true,"valueName":"search_term_string"}}],"inLanguage":"en-US"},{"@type":"Organization","@id":"https:\/\/www.gampt.de\/#organization","name":"GAMPT mbH","url":"https:\/\/www.gampt.de\/","logo":{"@type":"ImageObject","inLanguage":"en-US","@id":"https:\/\/www.gampt.de\/#\/schema\/logo\/image\/","url":"https:\/\/www.gampt.de\/wp-content\/uploads\/2023\/05\/Logo_GAMPT_news2.jpg","contentUrl":"https:\/\/www.gampt.de\/wp-content\/uploads\/2023\/05\/Logo_GAMPT_news2.jpg","width":600,"height":450,"caption":"GAMPT mbH"},"image":{"@id":"https:\/\/www.gampt.de\/#\/schema\/logo\/image\/"},"sameAs":["https:\/\/www.instagram.com\/gamptmbh","https:\/\/www.linkedin.com\/company\/18440258"]},{"@type":"Person","@id":"https:\/\/www.gampt.de\/#\/schema\/person\/fe419cd64075389899ca9bf89edcbb5e","name":"gampt","image":{"@type":"ImageObject","inLanguage":"en-US","@id":"https:\/\/www.gampt.de\/#\/schema\/person\/image\/","url":"https:\/\/secure.gravatar.com\/avatar\/61f900cc058abae7e9382e3dd175ca1d9ea0592e3b47412e4b238014f3afa059?s=96&d=mm&r=g","contentUrl":"https:\/\/secure.gravatar.com\/avatar\/61f900cc058abae7e9382e3dd175ca1d9ea0592e3b47412e4b238014f3afa059?s=96&d=mm&r=g","caption":"gampt"}}]}},"jetpack_featured_media_url":"https:\/\/www.gampt.de\/wp-content\/uploads\/2023\/09\/3c6dff38-0e9b-45da-a09b-accaf8cd97b3-1.jpg","jetpack_sharing_enabled":true,"_links":{"self":[{"href":"https:\/\/www.gampt.de\/en\/wp-json\/wp\/v2\/posts\/11197","targetHints":{"allow":["GET"]}}],"collection":[{"href":"https:\/\/www.gampt.de\/en\/wp-json\/wp\/v2\/posts"}],"about":[{"href":"https:\/\/www.gampt.de\/en\/wp-json\/wp\/v2\/types\/post"}],"author":[{"embeddable":true,"href":"https:\/\/www.gampt.de\/en\/wp-json\/wp\/v2\/users\/44"}],"replies":[{"embeddable":true,"href":"https:\/\/www.gampt.de\/en\/wp-json\/wp\/v2\/comments?post=11197"}],"version-history":[{"count":2,"href":"https:\/\/www.gampt.de\/en\/wp-json\/wp\/v2\/posts\/11197\/revisions"}],"predecessor-version":[{"id":11216,"href":"https:\/\/www.gampt.de\/en\/wp-json\/wp\/v2\/posts\/11197\/revisions\/11216"}],"wp:featuredmedia":[{"embeddable":true,"href":"https:\/\/www.gampt.de\/en\/wp-json\/wp\/v2\/media\/11186"}],"wp:attachment":[{"href":"https:\/\/www.gampt.de\/en\/wp-json\/wp\/v2\/media?parent=11197"}],"wp:term":[{"taxonomy":"category","embeddable":true,"href":"https:\/\/www.gampt.de\/en\/wp-json\/wp\/v2\/categories?post=11197"},{"taxonomy":"post_tag","embeddable":true,"href":"https:\/\/www.gampt.de\/en\/wp-json\/wp\/v2\/tags?post=11197"}],"curies":[{"name":"wp","href":"https:\/\/api.w.org\/{rel}","templated":true}]}}